{"id":1,"date":"2020-01-07T08:56:15","date_gmt":"2020-01-07T08:56:15","guid":{"rendered":"http:\/\/www.mitjamaratopollensa.net\/mitja\/?p=1"},"modified":"2026-04-23T08:13:58","modified_gmt":"2026-04-23T08:13:58","slug":"inicio","status":"publish","type":"post","link":"https:\/\/www.mitjamaratopollensa.net\/mitja\/2020\/01\/07\/inicio\/","title":{"rendered":"POLLEN\u00c7A RUNNING FEST 2026"},"content":{"rendered":"\n<p><strong>HORARIOS DE SALIDA<\/strong><\/p>\n\n\n\n<p><b>\u00b7<\/b> Carrera 5km 2026: <b>26\/09\/2026 a las 18:00h<\/b> <a href=\"https:\/\/maps.app.goo.gl\/uHVnbJxQMD8EEAGp9\" target=\"_blank\" rel=\"noreferrer noopener\">Puerto de Pollen\u00e7a<\/a><\/p>\n\n\n\n<p><b>\u00b7<\/b> Carrera 10km 2026: <b>26\/09\/2026 a las 18:30h<\/b> <a href=\"https:\/\/maps.app.goo.gl\/uHVnbJxQMD8EEAGp9\" target=\"_blank\" rel=\"noreferrer noopener\">Puerto de Pollen\u00e7a<\/a><\/p>\n\n\n\n<p><b>\u00b7<\/b> Carrera 5km 2026 ELITE: <b>26\/09\/2026 a las 20:00h<\/b> <a href=\"https:\/\/maps.app.goo.gl\/uHVnbJxQMD8EEAGp9\" target=\"_blank\" rel=\"noreferrer noopener\">Puerto de Pollen\u00e7a<\/a><\/p>\n\n\n\n<p> ___________ <\/p>\n\n\n\n<p><strong>RECOGIDA DE DORSALES<\/strong><\/p>\n\n\n\n<p>   * <strong><a rel=\"noreferrer noopener\" href=\"https:\/\/maps.app.goo.gl\/K9CndvF8fJRRvDaW9\" target=\"_blank\">Pla\u00e7a Miquel Capllonch (Port de Pollen\u00e7a)<\/a><\/strong><\/p>\n\n\n\n<ul class=\"wp-block-list\">\n<li>S\u00e1bado d\u00eda 26\/09\/2026 a partir de las 11:00h<\/li>\n<\/ul>\n\n\n\n<p>_____________________ <\/p>\n\n\n\n<figure class=\"wp-block-image size-large\"><img loading=\"lazy\" decoding=\"async\" width=\"819\" height=\"1024\" src=\"https:\/\/www.mitjamaratopollensa.net\/mitja\/wp-content\/uploads\/2020\/01\/cartell-nou-2026-819x1024.jpg\" alt=\"\" class=\"wp-image-767\" srcset=\"https:\/\/www.mitjamaratopollensa.net\/mitja\/wp-content\/uploads\/2020\/01\/cartell-nou-2026-819x1024.jpg 819w, https:\/\/www.mitjamaratopollensa.net\/mitja\/wp-content\/uploads\/2020\/01\/cartell-nou-2026-240x300.jpg 240w, https:\/\/www.mitjamaratopollensa.net\/mitja\/wp-content\/uploads\/2020\/01\/cartell-nou-2026-768x960.jpg 768w, https:\/\/www.mitjamaratopollensa.net\/mitja\/wp-content\/uploads\/2020\/01\/cartell-nou-2026.jpg 1024w\" sizes=\"auto, (max-width: 819px) 100vw, 819px\" \/><\/figure>\n","protected":false},"excerpt":{"rendered":"<p>HORARIOS DE SALIDA \u00b7 Carrera 5km 2026: 26\/09\/2026 a las 18:00h Puerto de Pollen\u00e7a \u00b7 Carrera 10km 2026: 26\/09\/2026 a las 18:30h Puerto de Pollen\u00e7a \u00b7 Carrera 5km 2026 ELITE: 26\/09\/2026 a las 20:00h Puerto de Pollen\u00e7a ___________ RECOGIDA DE DORSALES * Pla\u00e7a Miquel Capllonch (Port de Pollen\u00e7a) _____________________<\/p>\n","protected":false},"author":1,"featured_media":0,"comment_status":"closed","ping_status":"closed","sticky":false,"template":"","format":"standard","meta":{"footnotes":""},"categories":[3],"tags":[],"class_list":["post-1","post","type-post","status-publish","format-standard","hentry","category-inicio"],"_links":{"self":[{"href":"https:\/\/www.mitjamaratopollensa.net\/mitja\/wp-json\/wp\/v2\/posts\/1","targetHints":{"allow":["GET"]}}],"collection":[{"href":"https:\/\/www.mitjamaratopollensa.net\/mitja\/wp-json\/wp\/v2\/posts"}],"about":[{"href":"https:\/\/www.mitjamaratopollensa.net\/mitja\/wp-json\/wp\/v2\/types\/post"}],"author":[{"embeddable":true,"href":"https:\/\/www.mitjamaratopollensa.net\/mitja\/wp-json\/wp\/v2\/users\/1"}],"replies":[{"embeddable":true,"href":"https:\/\/www.mitjamaratopollensa.net\/mitja\/wp-json\/wp\/v2\/comments?post=1"}],"version-history":[{"count":68,"href":"https:\/\/www.mitjamaratopollensa.net\/mitja\/wp-json\/wp\/v2\/posts\/1\/revisions"}],"predecessor-version":[{"id":768,"href":"https:\/\/www.mitjamaratopollensa.net\/mitja\/wp-json\/wp\/v2\/posts\/1\/revisions\/768"}],"wp:attachment":[{"href":"https:\/\/www.mitjamaratopollensa.net\/mitja\/wp-json\/wp\/v2\/media?parent=1"}],"wp:term":[{"taxonomy":"category","embeddable":true,"href":"https:\/\/www.mitjamaratopollensa.net\/mitja\/wp-json\/wp\/v2\/categories?post=1"},{"taxonomy":"post_tag","embeddable":true,"href":"https:\/\/www.mitjamaratopollensa.net\/mitja\/wp-json\/wp\/v2\/tags?post=1"}],"curies":[{"name":"wp","href":"https:\/\/api.w.org\/{rel}","templated":true}]}}